{"id":77045,"date":"2023-04-10T12:13:46","date_gmt":"2023-04-10T10:13:46","guid":{"rendered":"https:\/\/mamaluzcajasdeluz.es\/2023\/04\/10\/come-dovrebbe-essere-una-classe-montessori\/"},"modified":"2023-05-08T11:29:11","modified_gmt":"2023-05-08T09:29:11","slug":"come-dovrebbe-essere-una-classe-montessori","status":"publish","type":"post","link":"https:\/\/mamaluzcajasdeluz.es\/it\/2023\/04\/10\/come-dovrebbe-essere-una-classe-montessori\/","title":{"rendered":"Come dovrebbe essere una classe Montessori?"},"content":{"rendered":"<div class=\"fusion-fullwidth fullwidth-box fusion-builder-row-1 fusion-flex-container nonhundred-percent-fullwidth non-hundred-percent-height-scrolling\" style=\"--awb-border-radius-top-left:0px;--awb-border-radius-top-right:0px;--awb-border-radius-bottom-right:0px;--awb-border-radius-bottom-left:0px;--awb-flex-wrap:wrap;\" ><div class=\"fusion-builder-row fusion-row fusion-flex-align-items-flex-start fusion-flex-content-wrap\" style=\"max-width:1216.8px;margin-left: calc(-4% \/ 2 );margin-right: calc(-4% \/ 2 );\"><div class=\"fusion-layout-column fusion_builder_column fusion-builder-column-0 fusion_builder_column_1_1 1_1 fusion-flex-column\" style=\"--awb-bg-size:cover;--awb-width-large:100%;--awb-margin-top-large:0px;--awb-spacing-right-large:1.92%;--awb-margin-bottom-large:0px;--awb-spacing-left-large:1.92%;--awb-width-medium:100%;--awb-spacing-right-medium:1.92%;--awb-spacing-left-medium:1.92%;--awb-width-small:100%;--awb-spacing-right-small:1.92%;--awb-spacing-left-small:1.92%;\"><div class=\"fusion-column-wrapper fusion-flex-justify-content-flex-start fusion-content-layout-column\"><div class=\"fusion-text fusion-text-1\"><blockquote>\n<div id=\"v1replybody1\">\n<div>\n<p>C\u00f3mo debe ser un aula Montessori<\/p>\n<p>Sicuramente, se state leggendo questo blog, questa \u00e8 una domanda che prima o poi \u00e8 stata ricorrente. Qui ve ne parliamo un po&#8217;!<\/p>\n<p>Un&#8217;aula montessoriana \u00e8 un ambiente di apprendimento progettato per favorire l&#8217;indipendenza, l&#8217;autonomia e l&#8217;apprendimento autonomo dei bambini. Ecco alcune caratteristiche di una classe Montessori:<\/p>\n<ol>\n<li>Ambiente preparato: l&#8217;aula Montessori \u00e8 progettata per offrire ai bambini un ambiente accogliente, organizzato e sicuro. I materiali sono disposti in modo attraente e accessibile per i bambini, e gli arredi e le decorazioni sono adattati alle loro dimensioni ed esigenze.<\/li>\n<li>Libert\u00e0 di scelta: In un&#8217;aula montessoriana, i bambini hanno la libert\u00e0 di scegliere le loro attivit\u00e0 e di lavorarci al proprio ritmo. I materiali sono progettati in modo che i bambini possano esplorare e scoprire da soli, senza bisogno che un adulto dica loro cosa fare.<\/li>\n<li>Approccio individualizzato: ogni bambino \u00e8 unico e ha interessi, capacit\u00e0 ed esigenze diverse. In una classe montessoriana si rispettano i ritmi e le esigenze di ogni singolo bambino. I materiali sono studiati per adattarsi ai diversi livelli di abilit\u00e0 e gli insegnanti lavorano individualmente con ogni bambino per garantire che apprenda al proprio ritmo.<\/li>\n<li>Apprendimento multisensoriale: i bambini imparano meglio quando sono esposti a una variet\u00e0 di stimoli ed esperienze. In un&#8217;aula montessoriana si utilizzano materiali che permettono ai bambini di sperimentare i diversi sensi, come la vista, l&#8217;udito e il tatto.<\/li>\n<li>Ambiente sociale: un&#8217;aula montessoriana \u00e8 anche un ambiente sociale in cui i bambini imparano a interagire con i loro coetanei e a lavorare insieme su progetti comuni. Si incoraggia la cooperazione e la collaborazione, piuttosto che la competizione.<\/li>\n<li>Gli insegnanti come guide: In una classe Montessori, gli insegnanti agiscono come guide e facilitatori dell&#8217;apprendimento, piuttosto che come unici detentori del sapere. Gli insegnanti lavorano con i bambini per aiutarli a trovare le risposte alle loro domande e a sviluppare il loro pensiero critico.<\/li>\n<\/ol>\n<p>In breve, una classe Montessori \u00e8 un ambiente di apprendimento in cui si incoraggiano l&#8217;indipendenza, l&#8217;apprendimento autonomo e il rispetto dei ritmi e delle esigenze individuali di ogni bambino. Utiliza un enfoque multisensorial y fomenta la interacci\u00f3n social y la colaboraci\u00f3n entre los ni\u00f1os. Gli insegnanti agiscono come guide e facilitatori dell&#8217;apprendimento.<\/p>\n<p>In mam\u00e1LUZ abbiamo alcune proposte di materiali per bambini da 0 a 12 mesi e di materiali per la stimolazione sensoriale. Date un&#8217;occhiata!<\/p>\n<\/div>\n<\/div>\n<\/blockquote>\n<\/div><\/div><\/div><\/div><\/div>\n","protected":false},"excerpt":{"rendered":"","protected":false},"author":41,"featured_media":76862,"comment_status":"closed","ping_status":"closed","sticky":false,"template":"","format":"standard","meta":{"_joinchat":[],"footnotes":""},"categories":[848],"tags":[],"class_list":["post-77045","post","type-post","status-publish","format-standard","has-post-thumbnail","hentry","category-848"],"_links":{"self":[{"href":"https:\/\/mamaluzcajasdeluz.es\/it\/wp-json\/wp\/v2\/posts\/77045","targetHints":{"allow":["GET"]}}],"collection":[{"href":"https:\/\/mamaluzcajasdeluz.es\/it\/wp-json\/wp\/v2\/posts"}],"about":[{"href":"https:\/\/mamaluzcajasdeluz.es\/it\/wp-json\/wp\/v2\/types\/post"}],"author":[{"embeddable":true,"href":"https:\/\/mamaluzcajasdeluz.es\/it\/wp-json\/wp\/v2\/users\/41"}],"replies":[{"embeddable":true,"href":"https:\/\/mamaluzcajasdeluz.es\/it\/wp-json\/wp\/v2\/comments?post=77045"}],"version-history":[{"count":0,"href":"https:\/\/mamaluzcajasdeluz.es\/it\/wp-json\/wp\/v2\/posts\/77045\/revisions"}],"wp:featuredmedia":[{"embeddable":true,"href":"https:\/\/mamaluzcajasdeluz.es\/it\/wp-json\/wp\/v2\/media\/76862"}],"wp:attachment":[{"href":"https:\/\/mamaluzcajasdeluz.es\/it\/wp-json\/wp\/v2\/media?parent=77045"}],"wp:term":[{"taxonomy":"category","embeddable":true,"href":"https:\/\/mamaluzcajasdeluz.es\/it\/wp-json\/wp\/v2\/categories?post=77045"},{"taxonomy":"post_tag","embeddable":true,"href":"https:\/\/mamaluzcajasdeluz.es\/it\/wp-json\/wp\/v2\/tags?post=77045"}],"curies":[{"name":"wp","href":"https:\/\/api.w.org\/{rel}","templated":true}]}}